{"id":1501,"date":"2024-02-23T17:06:12","date_gmt":"2024-02-23T16:06:12","guid":{"rendered":"https:\/\/fede-uliege.be\/?p=1501"},"modified":"2024-02-23T22:37:14","modified_gmt":"2024-02-23T21:37:14","slug":"vers-des-engagements-pedagogiques-plus-clairs","status":"publish","type":"post","link":"https:\/\/fede-uliege.be\/index.php\/2024\/02\/23\/vers-des-engagements-pedagogiques-plus-clairs\/","title":{"rendered":"Vers des engagements p\u00e9dagogiques plus clairs ?\u00a0\u00a0"},"content":{"rendered":"\n<p class=\"has-text-align-left\">Lors du CUEF (Conseil Universitaire \u00e0 l&rsquo;Enseignement et \u00e0 la Formation),&nbsp;Christian&nbsp;Clerebaut, repr\u00e9sentant \u00e9tudiant, a insist\u00e9 sur la n\u00e9cessit\u00e9 pour les \u00e9tudiantes et \u00e9tudiants de pouvoir b\u00e9n\u00e9ficier des modalit\u00e9s d&rsquo;\u00e9valuation en amont. En effet, dans de nombreuses sections au sein de plusieurs facult\u00e9s, l&rsquo;\u00e9tudiant ou l&rsquo;\u00e9tudiante d\u00e9couvre le type de QCM (questionnaire \u00e0 choix multiples) ainsi que le type de cotation associ\u00e9e \u00e0 ce QCM (Coefficients de certitude, for guessing, standard setting, autres&#8230;).&nbsp; Cela ne nous semble pas opportun. Nous pr\u00f4nons une transparence plus importante sur les modalit\u00e9s d&rsquo;\u00e9valuation de la part des enseignants afin que l&rsquo;\u00e9tudiant.e puisse se pr\u00e9parer et \u00eatre dans les meilleures conditions en \u00e9liminant une inconnue qui pourrait \u00eatre pr\u00e9judiciable.<\/p>\n\n\n\n<p class=\"has-text-align-left\">En outre, nous en profitons pour mettre en avant le site du SMART qui est utile \u00e0 consulter notamment pour les \u00e9tudiants de 1\u1d49\u02b3 bachelier qui d\u00e9couvre un nouveau type d&rsquo;\u00e9valuation :&nbsp;<a href=\"http:\/\/smart.uliege.be\/etudiants\/\" target=\"_blank\" rel=\"noreferrer noopener\">http:\/\/smart.uliege.be\/etudiants\/<\/a><\/p>\n\n\n\n<figure class=\"wp-block-image size-large\"><img fetchpriority=\"high\" decoding=\"async\" width=\"1024\" height=\"329\" src=\"https:\/\/fede-uliege.be\/wp-content\/uploads\/2024\/02\/Smart-1024x329.png\" alt=\"\" class=\"wp-image-1502\" srcset=\"https:\/\/fede-uliege.be\/wp-content\/uploads\/2024\/02\/Smart-1024x329.png 1024w, https:\/\/fede-uliege.be\/wp-content\/uploads\/2024\/02\/Smart-300x96.png 300w, https:\/\/fede-uliege.be\/wp-content\/uploads\/2024\/02\/Smart-768x246.png 768w, https:\/\/fede-uliege.be\/wp-content\/uploads\/2024\/02\/Smart.png 1437w\" sizes=\"(max-width: 1024px) 100vw, 1024px\" \/><\/figure>\n\n\n\n<p class=\"has-text-align-left\">Par ailleurs, il a \u00e9galement \u00e9t\u00e9 demand\u00e9 que la dur\u00e9e des examens figure dans les engagements p\u00e9dagogiques.&nbsp; En effet, au cours de la session, il s&rsquo;est av\u00e9r\u00e9 que des encodages dans CELCAT n&rsquo;\u00e9taient pas la dur\u00e9e de l&rsquo;\u00e9valuation, mais simplement la dur\u00e9e de la r\u00e9servation de la salle. Des \u00e9tudiants ont donc \u00e9t\u00e9 surpris de voir un temps premi\u00e8rement annonc\u00e9 via CELCAT amput\u00e9 d&rsquo;un certain temps. Notre demande a donc \u00e9t\u00e9 la suivante : faire figurer le temps exact de l&rsquo;\u00e9valuation dans les engagements p\u00e9dagogiques.<\/p>\n\n\n\n<p class=\"has-text-align-left\">Nous esp\u00e9rons une correction pour la session de juin prochain et une transition compl\u00e8te pour l&rsquo;ann\u00e9e acad\u00e9mique 2024\/2025.<\/p>\n\n\n\n<p class=\"has-text-align-center\">Nous restons \u00e0 votre disposition pour toute sollicitation (<a href=\"mailto:presidence@fede-uliege.be\" target=\"_blank\" rel=\"noreferrer noopener\">presidence@fede-uliege.be<\/a>).&nbsp;<\/p>\n\n\n\n<p class=\"has-text-align-center\"><strong>Christian\u00a0CLEREBAUT pour la F\u00e9d\u00e9<\/strong>,<\/p>\n\n\n\n<p class=\"has-text-align-center\"><strong>co-Pr\u00e9sident.<\/strong><\/p>\n","protected":false},"excerpt":{"rendered":"<p>Lors du CUEF (Conseil Universitaire \u00e0 l&rsquo;Enseignement et \u00e0 la Formation),&nbsp;Christian&nbsp;Clerebaut, repr\u00e9sentant \u00e9tudiant, a insist\u00e9 sur la n\u00e9cessit\u00e9 pour les \u00e9tudiantes et \u00e9tudiants de pouvoir b\u00e9n\u00e9ficier des modalit\u00e9s d&rsquo;\u00e9valuation en amont. En effet, dans de nombreuses sections au sein de plusieurs facult\u00e9s, l&rsquo;\u00e9tudiant ou l&rsquo;\u00e9tudiante d\u00e9couvre le type de QCM (questionnaire \u00e0 choix multiples) ainsi que le type de cotation associ\u00e9e \u00e0 ce QCM (Coefficients de certitude, for guessing, standard setting, autres&#8230;).&nbsp; Cela ne nous semble pas opportun. Nous pr\u00f4nons une transparence plus importante sur les modalit\u00e9s d&rsquo;\u00e9valuation de la part des enseignants afin que l&rsquo;\u00e9tudiant.e puisse se pr\u00e9parer et \u00eatre dans les meilleures conditions en \u00e9liminant une inconnue qui pourrait \u00eatre pr\u00e9judiciable. En outre, nous en profitons pour mettre en avant le site du SMART qui est utile \u00e0 consulter notamment pour les \u00e9tudiants de 1\u1d49\u02b3 bachelier qui d\u00e9couvre un nouveau type d&rsquo;\u00e9valuation :&nbsp;http:\/\/smart.uliege.be\/etudiants\/ Par ailleurs, il a \u00e9galement \u00e9t\u00e9 demand\u00e9 que la dur\u00e9e des examens figure dans les engagements p\u00e9dagogiques.&nbsp; En effet, au cours de la session, il s&rsquo;est av\u00e9r\u00e9 que des encodages dans CELCAT n&rsquo;\u00e9taient pas la dur\u00e9e de l&rsquo;\u00e9valuation, mais simplement la dur\u00e9e de la r\u00e9servation de la salle. Des \u00e9tudiants ont donc \u00e9t\u00e9 surpris de voir un temps premi\u00e8rement annonc\u00e9 via CELCAT amput\u00e9 d&rsquo;un certain temps. Notre demande a donc \u00e9t\u00e9 la suivante : faire figurer le temps exact de l&rsquo;\u00e9valuation dans les engagements p\u00e9dagogiques. Nous esp\u00e9rons une correction pour la session de juin prochain et une transition compl\u00e8te pour l&rsquo;ann\u00e9e acad\u00e9mique 2024\/2025. Nous restons \u00e0 votre disposition pour toute sollicitation (presidence@fede-uliege.be).&nbsp; Christian\u00a0CLEREBAUT pour la F\u00e9d\u00e9, co-Pr\u00e9sident.<\/p>\n","protected":false},"author":1,"featured_media":0,"comment_status":"closed","ping_status":"closed","sticky":false,"template":"","format":"standard","meta":{"neve_meta_sidebar":"","neve_meta_container":"","neve_meta_enable_content_width":"","neve_meta_content_width":0,"neve_meta_title_alignment":"","neve_meta_author_avatar":"","neve_post_elements_order":"","neve_meta_disable_header":"","neve_meta_disable_footer":"","neve_meta_disable_title":"","jetpack_post_was_ever_published":false,"_jetpack_newsletter_access":"","_jetpack_dont_email_post_to_subs":false,"_jetpack_newsletter_tier_id":0,"_jetpack_memberships_contains_paywalled_content":false,"_jetpack_memberships_contains_paid_content":false,"footnotes":""},"categories":[16],"tags":[],"class_list":["post-1501","post","type-post","status-publish","format-standard","hentry","category-non-classe-fr"],"jetpack_featured_media_url":"","jetpack_sharing_enabled":true,"_links":{"self":[{"href":"https:\/\/fede-uliege.be\/index.php\/wp-json\/wp\/v2\/posts\/1501","targetHints":{"allow":["GET"]}}],"collection":[{"href":"https:\/\/fede-uliege.be\/index.php\/wp-json\/wp\/v2\/posts"}],"about":[{"href":"https:\/\/fede-uliege.be\/index.php\/wp-json\/wp\/v2\/types\/post"}],"author":[{"embeddable":true,"href":"https:\/\/fede-uliege.be\/index.php\/wp-json\/wp\/v2\/users\/1"}],"replies":[{"embeddable":true,"href":"https:\/\/fede-uliege.be\/index.php\/wp-json\/wp\/v2\/comments?post=1501"}],"version-history":[{"count":2,"href":"https:\/\/fede-uliege.be\/index.php\/wp-json\/wp\/v2\/posts\/1501\/revisions"}],"predecessor-version":[{"id":1512,"href":"https:\/\/fede-uliege.be\/index.php\/wp-json\/wp\/v2\/posts\/1501\/revisions\/1512"}],"wp:attachment":[{"href":"https:\/\/fede-uliege.be\/index.php\/wp-json\/wp\/v2\/media?parent=1501"}],"wp:term":[{"taxonomy":"category","embeddable":true,"href":"https:\/\/fede-uliege.be\/index.php\/wp-json\/wp\/v2\/categories?post=1501"},{"taxonomy":"post_tag","embeddable":true,"href":"https:\/\/fede-uliege.be\/index.php\/wp-json\/wp\/v2\/tags?post=1501"}],"curies":[{"name":"wp","href":"https:\/\/api.w.org\/{rel}","templated":true}]}}