{"id":1518,"date":"2024-03-01T12:10:59","date_gmt":"2024-03-01T11:10:59","guid":{"rendered":"https:\/\/fede-uliege.be\/?p=1518"},"modified":"2024-03-01T12:22:57","modified_gmt":"2024-03-01T11:22:57","slug":"du-nouveau-pour-les-elections-rectorales-2026","status":"publish","type":"post","link":"https:\/\/fede-uliege.be\/index.php\/2024\/03\/01\/du-nouveau-pour-les-elections-rectorales-2026\/","title":{"rendered":"Du nouveau pour les \u00e9lections rectorales 2026 ?\u00a0"},"content":{"rendered":"\n<p>Des discussions sont en cours au sein des universit\u00e9s de F\u00e9d\u00e9ration Wallonie-Bruxelles pour revoir la clef de r\u00e9partition des pourcentages pour les \u00e9lections rectorales.\u00a0<\/p>\n\n\n\n<p>Les universit\u00e9s de Li\u00e8ge et de Mons\u00a0ont leur clef de r\u00e9partition r\u00e9glement\u00e9e par un arr\u00eat\u00e9 du Gouvernement de la communaut\u00e9 fran\u00e7aise. La r\u00e9partition entre les corps est la suivante :\u00a0<\/p>\n\n\n\n<p>Cat\u00e9gorie 1 : Personnel enseignant : 65%&nbsp;<\/p>\n\n\n\n<p>Cat\u00e9gorie 2 : Personnel scientifique : 10%&nbsp;<\/p>\n\n\n\n<p>Cat\u00e9gorie 3 : Personnel administratif, technique et ouvrier : 10 %&nbsp;<\/p>\n\n\n\n<p>Cat\u00e9gorie 4 : \u00e9tudiants : 15%&nbsp;<\/p>\n\n\n\n<p>Actuellement, des revendications \u00e9manent du personnel scientifique et du personnel administratif, technique et ouvrier pour voir leur pourcentage cro\u00eetre au sein des \u00e9lections rectorales. Ces derniers invoquent r\u00e9guli\u00e8rement qu&rsquo;ils sont li\u00e9s \u00e0 l&rsquo;Universit\u00e9 \u00e0 long terme contrairement aux \u00e9tudiants. Nous comprenons la r\u00e9flexion.&nbsp;<\/p>\n\n\n\n<p>La nouvelle r\u00e9partition qui est \u00e9voqu\u00e9e est la suivante :&nbsp;<\/p>\n\n\n\n<p>Cat\u00e9gorie 1 : Personnel enseignant : 61%&nbsp;<\/p>\n\n\n\n<p>Cat\u00e9gorie 2 : Personnel scientifique : 13%&nbsp;<\/p>\n\n\n\n<p>Cat\u00e9gorie 3 : Personnel administratif, technique et ouvrier : 13 %&nbsp;<\/p>\n\n\n\n<p>Cat\u00e9gorie 4 : \u00e9tudiants : 13%&nbsp;<\/p>\n\n\n\n<p>Cette nouvelle r\u00e9partition se voudrait plus juste en mettant sur le m\u00eame pied d&rsquo;\u00e9galit\u00e9 les diff\u00e9rents corps \u00e0 l&rsquo;exception du corps enseignant.&nbsp;<\/p>\n\n\n\n<p>Plus juste ? Vraiment ? Scientifiquement, il est n\u00e9cessaire de voir plus loin que les pourcentages entre les diff\u00e9rents corps.&nbsp;<\/p>\n\n\n\n<p>Si l&rsquo;on reprend le poids individuel actuel de chaque cat\u00e9gorie en se basant sur les derni\u00e8res \u00e9lections de 2022, on obtient les r\u00e9sultats suivants :&nbsp;<\/p>\n\n\n\n<p>Cat\u00e9gorie 1 :&nbsp;<\/p>\n\n\n\n<p>Personnel enseignant &#8211; 641 \u00e9lecteurs &#8211; poids individuel (0,1014%)<\/p>\n\n\n\n<p>Cat\u00e9gorie 2 :&nbsp;<\/p>\n\n\n\n<p>Personnel scientifique &#8211; 2709 \u00e9lecteurs &#8211; poids individuel (0,0037%)<\/p>\n\n\n\n<p>Cat\u00e9gorie 3 :&nbsp;<\/p>\n\n\n\n<p>Personnel administratif, technique et ouvrier &#8211; 1665 &#8211; poids individuel (0,0060%)<\/p>\n\n\n\n<p>Cat\u00e9gorie 4 :&nbsp;<\/p>\n\n\n\n<p>\u00c9tudiants &#8211; 25134 \u00e9lecteurs &#8211; poids individuel (0,0006%)<\/p>\n\n\n\n<p>Est-ce r\u00e9ellement plus juste de diminuer le poids individuel du corps \u00e9lectoral qui dispose du poids individuel le plus ferme ? Est-ce une \u00e9volution ? Probablement pas. Ou uniquement par le biais d&rsquo;appartenance \u00e0 un corps qui demeurerait avantag\u00e9 par une nouvelle clef de r\u00e9partition.\u00a0<\/p>\n\n\n\n<p>Ainsi, nous nous opposons fermement \u00e0 la r\u00e9gression qui nous est propos\u00e9e.<\/p>\n\n\n\n<p>Par ailleurs, il est important de rappeler que ce droit de vote accord\u00e9 aux \u00e9tudiantes et \u00e9tudiants \u00e9tait une d\u00e9marche progressiste qui visait \u00e0 susciter la participation active des \u00e9tudiants de l&rsquo;\u00e9tablissement d&rsquo;enseignement sup\u00e9rieur en vue de leur permettre de jouer pleinement leur r\u00f4le de citoyen actif, responsable et critique qui sein de la soci\u00e9t\u00e9 et de leur \u00e9tablissement d&rsquo;enseignement sup\u00e9rieur.\u00a0<\/p>\n\n\n\n<p>Au lieu de vouloir r\u00e9duire le poids du vote des \u00e9tudiantes et \u00e9tudiants, la responsabilit\u00e9 de nos institutions n&rsquo;est-elle pas de donner aux \u00e9tudiants et \u00e9tudiants l&rsquo;ensemble des outils afin de pouvoir prendre une d\u00e9cision \u00e9clair\u00e9e et de permettre aux \u00e9tudiantes et \u00e9tudiants de s&rsquo;enqu\u00e9rir pleinement de leur devoir de citoyen et d&rsquo;influer positivement leur Alma Mater ?<\/p>\n\n\n\n<p>Christian Clerebaut, co-Pr\u00e9sident.<\/p>\n\n\n\n<div data-wp-interactive=\"core\/file\" class=\"wp-block-file\"><object data-wp-bind--hidden=\"!state.hasPdfPreview\" hidden class=\"wp-block-file__embed\" data=\"https:\/\/fede-uliege.be\/wp-content\/uploads\/2024\/03\/Arrete-du-Gouvernement-de-la-Communaute-francaise.pdf\" type=\"application\/pdf\" style=\"width:100%;height:600px\" aria-label=\"Contenu embarqu\u00e9 Arrete-du-Gouvernement-de-la-Communaute-francaise_Organisation-\u00e9lection-rectorale-ULi\u00e8ge.\"><\/object><a id=\"wp-block-file--media-2f660114-2ffd-489e-8d3c-a88582fec516\" href=\"https:\/\/fede-uliege.be\/wp-content\/uploads\/2024\/03\/Arrete-du-Gouvernement-de-la-Communaute-francaise.pdf\">Arrete-du-Gouvernement-de-la-Communaute-francaise_Organisation-\u00e9lection-rectorale-ULi\u00e8ge<\/a><a href=\"https:\/\/fede-uliege.be\/wp-content\/uploads\/2024\/03\/Arrete-du-Gouvernement-de-la-Communaute-francaise.pdf\" class=\"wp-block-file__button wp-element-button\" download aria-describedby=\"wp-block-file--media-2f660114-2ffd-489e-8d3c-a88582fec516\">T\u00e9l\u00e9charger<\/a><\/div>\n","protected":false},"excerpt":{"rendered":"<p>Des discussions sont en cours au sein des universit\u00e9s de F\u00e9d\u00e9ration Wallonie-Bruxelles pour revoir la clef de r\u00e9partition des pourcentages pour les \u00e9lections rectorales.\u00a0 Les universit\u00e9s de Li\u00e8ge et de Mons\u00a0ont leur clef de r\u00e9partition r\u00e9glement\u00e9e par un arr\u00eat\u00e9 du Gouvernement de la communaut\u00e9 fran\u00e7aise. La r\u00e9partition entre les corps est la suivante :\u00a0 Cat\u00e9gorie 1 : Personnel enseignant : 65%&nbsp; Cat\u00e9gorie 2 : Personnel scientifique : 10%&nbsp; Cat\u00e9gorie 3 : Personnel administratif, technique et ouvrier : 10 %&nbsp; Cat\u00e9gorie 4 : \u00e9tudiants : 15%&nbsp; Actuellement, des revendications \u00e9manent du personnel scientifique et du personnel administratif, technique et ouvrier pour voir leur pourcentage cro\u00eetre au sein des \u00e9lections rectorales. Ces derniers invoquent r\u00e9guli\u00e8rement qu&rsquo;ils sont li\u00e9s \u00e0 l&rsquo;Universit\u00e9 \u00e0 long terme contrairement aux \u00e9tudiants. Nous comprenons la r\u00e9flexion.&nbsp; La nouvelle r\u00e9partition qui est \u00e9voqu\u00e9e est la suivante :&nbsp; Cat\u00e9gorie 1 : Personnel enseignant : 61%&nbsp; Cat\u00e9gorie 2 : Personnel scientifique : 13%&nbsp; Cat\u00e9gorie 3 : Personnel administratif, technique et ouvrier : 13 %&nbsp; Cat\u00e9gorie 4 : \u00e9tudiants : 13%&nbsp; Cette nouvelle r\u00e9partition se voudrait plus juste en mettant sur le m\u00eame pied d&rsquo;\u00e9galit\u00e9 les diff\u00e9rents corps \u00e0 l&rsquo;exception du corps enseignant.&nbsp; Plus juste ? Vraiment ? Scientifiquement, il est n\u00e9cessaire de voir plus loin que les pourcentages entre les diff\u00e9rents corps.&nbsp; Si l&rsquo;on reprend le poids individuel actuel de chaque cat\u00e9gorie en se basant sur les derni\u00e8res \u00e9lections de 2022, on obtient les r\u00e9sultats suivants :&nbsp; Cat\u00e9gorie 1 :&nbsp; Personnel enseignant &#8211; 641 \u00e9lecteurs &#8211; poids individuel (0,1014%) Cat\u00e9gorie 2 :&nbsp; Personnel scientifique &#8211; 2709 \u00e9lecteurs &#8211; poids individuel (0,0037%) Cat\u00e9gorie 3 :&nbsp; Personnel administratif, technique et ouvrier &#8211; 1665 &#8211; poids individuel (0,0060%) Cat\u00e9gorie 4 :&nbsp; \u00c9tudiants &#8211; 25134 \u00e9lecteurs &#8211; poids individuel (0,0006%) Est-ce r\u00e9ellement plus juste de diminuer le poids individuel du corps \u00e9lectoral qui dispose du poids individuel le plus ferme ? Est-ce une \u00e9volution ? Probablement pas. Ou uniquement par le biais d&rsquo;appartenance \u00e0 un corps qui demeurerait avantag\u00e9 par une nouvelle clef de r\u00e9partition.\u00a0 Ainsi, nous nous opposons fermement \u00e0 la r\u00e9gression qui nous est propos\u00e9e. Par ailleurs, il est important de rappeler que ce droit de vote accord\u00e9 aux \u00e9tudiantes et \u00e9tudiants \u00e9tait une d\u00e9marche progressiste qui visait \u00e0 susciter la participation active des \u00e9tudiants de l&rsquo;\u00e9tablissement d&rsquo;enseignement sup\u00e9rieur en vue de leur permettre de jouer pleinement leur r\u00f4le de citoyen actif, responsable et critique qui sein de la soci\u00e9t\u00e9 et de leur \u00e9tablissement d&rsquo;enseignement sup\u00e9rieur.\u00a0 Au lieu de vouloir r\u00e9duire le poids du vote des \u00e9tudiantes et \u00e9tudiants, la responsabilit\u00e9 de nos institutions n&rsquo;est-elle pas de donner aux \u00e9tudiants et \u00e9tudiants l&rsquo;ensemble des outils afin de pouvoir prendre une d\u00e9cision \u00e9clair\u00e9e et de permettre aux \u00e9tudiantes et \u00e9tudiants de s&rsquo;enqu\u00e9rir pleinement de leur devoir de citoyen et d&rsquo;influer positivement leur Alma Mater ? Christian Clerebaut, co-Pr\u00e9sident.<\/p>\n","protected":false},"author":1,"featured_media":0,"comment_status":"closed","ping_status":"closed","sticky":false,"template":"","format":"standard","meta":{"neve_meta_sidebar":"","neve_meta_container":"default","neve_meta_enable_content_width":"","neve_meta_content_width":0,"neve_meta_title_alignment":"","neve_meta_author_avatar":"","neve_post_elements_order":"[\"content\",\"comments\",\"tags\"]","neve_meta_disable_header":"","neve_meta_disable_footer":"","neve_meta_disable_title":"","jetpack_post_was_ever_published":false,"_jetpack_newsletter_access":"","_jetpack_dont_email_post_to_subs":false,"_jetpack_newsletter_tier_id":0,"_jetpack_memberships_contains_paywalled_content":false,"_jetpack_memberships_contains_paid_content":false,"footnotes":""},"categories":[16],"tags":[],"class_list":["post-1518","post","type-post","status-publish","format-standard","hentry","category-non-classe-fr"],"jetpack_featured_media_url":"","jetpack_sharing_enabled":true,"_links":{"self":[{"href":"https:\/\/fede-uliege.be\/index.php\/wp-json\/wp\/v2\/posts\/1518","targetHints":{"allow":["GET"]}}],"collection":[{"href":"https:\/\/fede-uliege.be\/index.php\/wp-json\/wp\/v2\/posts"}],"about":[{"href":"https:\/\/fede-uliege.be\/index.php\/wp-json\/wp\/v2\/types\/post"}],"author":[{"embeddable":true,"href":"https:\/\/fede-uliege.be\/index.php\/wp-json\/wp\/v2\/users\/1"}],"replies":[{"embeddable":true,"href":"https:\/\/fede-uliege.be\/index.php\/wp-json\/wp\/v2\/comments?post=1518"}],"version-history":[{"count":3,"href":"https:\/\/fede-uliege.be\/index.php\/wp-json\/wp\/v2\/posts\/1518\/revisions"}],"predecessor-version":[{"id":1523,"href":"https:\/\/fede-uliege.be\/index.php\/wp-json\/wp\/v2\/posts\/1518\/revisions\/1523"}],"wp:attachment":[{"href":"https:\/\/fede-uliege.be\/index.php\/wp-json\/wp\/v2\/media?parent=1518"}],"wp:term":[{"taxonomy":"category","embeddable":true,"href":"https:\/\/fede-uliege.be\/index.php\/wp-json\/wp\/v2\/categories?post=1518"},{"taxonomy":"post_tag","embeddable":true,"href":"https:\/\/fede-uliege.be\/index.php\/wp-json\/wp\/v2\/tags?post=1518"}],"curies":[{"name":"wp","href":"https:\/\/api.w.org\/{rel}","templated":true}]}}