{"id":1535,"date":"2018-09-01T14:58:00","date_gmt":"2018-09-01T12:58:00","guid":{"rendered":"https:\/\/fede-uliege.be\/?p=1535"},"modified":"2024-04-04T15:34:31","modified_gmt":"2024-04-04T13:34:31","slug":"discours-rentree-2018-2019","status":"publish","type":"post","link":"https:\/\/fede-uliege.be\/index.php\/2018\/09\/01\/discours-rentree-2018-2019\/","title":{"rendered":"Discours Rentr\u00e9e 2018-2019"},"content":{"rendered":"\n<p>Discours de Simon Briand, pr\u00e9sident de la F\u00e9d\u00e9 lors de la rentr\u00e9e acad\u00e9mique 2018-2019.<\/p>\n\n\n\n<figure class=\"wp-block-embed is-type-video is-provider-youtube wp-block-embed-youtube wp-embed-aspect-16-9 wp-has-aspect-ratio\"><div class=\"wp-block-embed__wrapper\">\n<div class=\"nv-iframe-embed\"><iframe title=\"Discours de Simon Briand, repr\u00e9sentant des \u00e9tudiants - Rentr\u00e9e Acad\u00e9mique 2018\" width=\"1200\" height=\"675\" src=\"https:\/\/www.youtube.com\/embed\/qvxZqLPwWYQ?list=PLduZqagpd__mNnCiNZ_5V-l5ZpqU7RCfF\" frameborder=\"0\" allow=\"accelerometer; autoplay; clipboard-write; encrypted-media; gyroscope; picture-in-picture; web-share\" referrerpolicy=\"strict-origin-when-cross-origin\" allowfullscreen><\/iframe><\/div>\n<\/div><\/figure>\n","protected":false},"excerpt":{"rendered":"<p>Discours de Simon Briand, pr\u00e9sident de la F\u00e9d\u00e9 lors de la rentr\u00e9e acad\u00e9mique 2018-2019.<\/p>\n","protected":false},"author":1,"featured_media":0,"comment_status":"closed","ping_status":"closed","sticky":false,"template":"","format":"standard","meta":{"neve_meta_sidebar":"","neve_meta_container":"","neve_meta_enable_content_width":"","neve_meta_content_width":0,"neve_meta_title_alignment":"","neve_meta_author_avatar":"","neve_post_elements_order":"","neve_meta_disable_header":"","neve_meta_disable_footer":"","neve_meta_disable_title":"","jetpack_post_was_ever_published":false,"_jetpack_newsletter_access":"","_jetpack_dont_email_post_to_subs":false,"_jetpack_newsletter_tier_id":0,"_jetpack_memberships_contains_paywalled_content":false,"_jetpack_memberships_contains_paid_content":false,"footnotes":""},"categories":[16],"tags":[],"class_list":["post-1535","post","type-post","status-publish","format-standard","hentry","category-non-classe-fr"],"jetpack_featured_media_url":"","jetpack_sharing_enabled":true,"_links":{"self":[{"href":"https:\/\/fede-uliege.be\/index.php\/wp-json\/wp\/v2\/posts\/1535","targetHints":{"allow":["GET"]}}],"collection":[{"href":"https:\/\/fede-uliege.be\/index.php\/wp-json\/wp\/v2\/posts"}],"about":[{"href":"https:\/\/fede-uliege.be\/index.php\/wp-json\/wp\/v2\/types\/post"}],"author":[{"embeddable":true,"href":"https:\/\/fede-uliege.be\/index.php\/wp-json\/wp\/v2\/users\/1"}],"replies":[{"embeddable":true,"href":"https:\/\/fede-uliege.be\/index.php\/wp-json\/wp\/v2\/comments?post=1535"}],"version-history":[{"count":1,"href":"https:\/\/fede-uliege.be\/index.php\/wp-json\/wp\/v2\/posts\/1535\/revisions"}],"predecessor-version":[{"id":1536,"href":"https:\/\/fede-uliege.be\/index.php\/wp-json\/wp\/v2\/posts\/1535\/revisions\/1536"}],"wp:attachment":[{"href":"https:\/\/fede-uliege.be\/index.php\/wp-json\/wp\/v2\/media?parent=1535"}],"wp:term":[{"taxonomy":"category","embeddable":true,"href":"https:\/\/fede-uliege.be\/index.php\/wp-json\/wp\/v2\/categories?post=1535"},{"taxonomy":"post_tag","embeddable":true,"href":"https:\/\/fede-uliege.be\/index.php\/wp-json\/wp\/v2\/tags?post=1535"}],"curies":[{"name":"wp","href":"https:\/\/api.w.org\/{rel}","templated":true}]}}