{"id":1567,"date":"2024-04-26T15:44:59","date_gmt":"2024-04-26T13:44:59","guid":{"rendered":"https:\/\/fede-uliege.be\/?p=1567"},"modified":"2024-04-26T15:55:32","modified_gmt":"2024-04-26T13:55:32","slug":"blocus-printemps-2024-elargissement-des-horaires-des-bibliotheques","status":"publish","type":"post","link":"https:\/\/fede-uliege.be\/index.php\/2024\/04\/26\/blocus-printemps-2024-elargissement-des-horaires-des-bibliotheques\/","title":{"rendered":"Blocus printemps 2024 : \u00c9largissement des horaires des biblioth\u00e8ques"},"content":{"rendered":"\n<p>Apr\u00e8s de nombreux mois de n\u00e9gociation, la F\u00e9d\u00e9 avec le soutien de l&rsquo;Universit\u00e9 a obtenu une avanc\u00e9e significative pour l&rsquo;ensemble des \u00e9tudiants de la communaut\u00e9 universitaire. Deux des biblioth\u00e8ques\/salles de cours seront ouvertes jusqu&rsquo;\u00e0\u00a022h du lundi au\u00a0vendredi jusqu&rsquo;au 21 juin. Il s&rsquo;agit de la salle de lecture au XX ao\u00fbt et de la biblioth\u00e8que sant\u00e9-CHU, bien connues des \u00e9tudiants pour le mobilier ergonomique et facilit\u00e9s qu&rsquo;elle propose \u00e0 ses utilisateurs.\u00a0<\/p>\n\n\n\n<p>Pendant le blocus, l&rsquo;acc\u00e8s sera r\u00e9serv\u00e9 aux membres de la communaut\u00e9 ULi\u00e8ge. Il sera \u00e9galement n\u00e9cessaire de r\u00e9server sa place. L&rsquo;objectif derri\u00e8re ces deux derni\u00e8res mesures est de permettre \u00e0 une majorit\u00e9 de nos \u00e9tudiants de pouvoir disposer d&rsquo;une place et d&rsquo;\u00e9viter les d\u00e9placements inutiles en cas de saturation des salles.&nbsp;&nbsp;<\/p>\n\n\n\n<p>S&rsquo;il s&rsquo;agit d&rsquo;une belle avanc\u00e9e pour les \u00e9tudiantes et \u00e9tudiants. Nous esp\u00e9rons \u00e0 l&rsquo;avenir pouvoir encore \u00e9tendre ces horaires, notamment en permettant une ouverture pr\u00e9coce des lieux d&rsquo;\u00e9tudes \u00e0 7h00, plus en phase avec le rythme d&rsquo;une partie non n\u00e9gligeable des \u00e9tudiantes et \u00e9tudiants. Notre objectif final \u00e9tant que l&rsquo;Universit\u00e9 de Li\u00e8ge puisse concurrencer les autres universit\u00e9s de la F\u00e9d\u00e9ration Wallonie-Bruxelles comme l&rsquo;UCLouvain et l&rsquo;UNamur qui proposent des horaires plus \u00e9tendus. Les \u00e9tudiants li\u00e9geois ne travaillent pourtant pas moins que leurs homologues&#8230; Il serait donc naturel de tendre vers des horaires similaires afin de satisfaire une demande estudiantine de longue date. N\u00e9anmoins, nous saluons la mesure actuelle qui est une \u00e9tape interm\u00e9diaire.&nbsp;<\/p>\n\n\n\n<p>Pour rappel, les horaires des biblioth\u00e8ques concern\u00e9es sont d\u00e9sormais les suivantes :&nbsp;<\/p>\n\n\n\n<p>Salle de lecture du 20-Ao\u00fbt :<\/p>\n\n\n\n<ul class=\"wp-block-list\">\n<li>En semaine : de 08h30 \u00e0&nbsp;22h00.<\/li>\n\n\n\n<li>Samedi : de 09h00 \u00e0 18h00.<\/li>\n<\/ul>\n\n\n\n<p>Sant\u00e9 &#8211; CHU :<\/p>\n\n\n\n<ul class=\"wp-block-list\">\n<li>En semaine : de 08h30 \u00e0&nbsp;22h00.<\/li>\n\n\n\n<li>Samedi : de 09h00 \u00e0 18h00.<\/li>\n<\/ul>\n\n\n\n<p>Par ailleurs, les horaires de l&rsquo;ensemble des biblioth\u00e8ques et salles d&rsquo;\u00e9tudes sont disponibles ci-dessous : <a href=\"https:\/\/lib.uliege.be\/fr\/uliege-library\/en-pratique\/horaires\">https:\/\/lib.uliege.be\/fr\/uliege-library\/en-pratique\/horaires<\/a><\/p>\n\n\n\n<p>Avant de vous rendre \u00e0 la biblioth\u00e8que, n&rsquo;oubliez pas de r\u00e9server votre place via book it&nbsp;: <a href=\"https:\/\/bookit.lib.uliege.be\">https:\/\/bookit.lib.uliege.be<\/a><\/p>\n\n\n\n<p>Si vous avez des questions\/suggestions\/revendications, n&rsquo;h\u00e9sitez pas \u00e0 nous contacter : <a href=\"mailto:presidence@fede-uliege.be\" target=\"_blank\" rel=\"noreferrer noopener\">presidence@fede-uliege.be<\/a><\/p>\n\n\n\n<p>Christian Clerebaut, Co-Pr\u00e9sident F\u00e9d\u00e9 ULi\u00e8ge<\/p>\n","protected":false},"excerpt":{"rendered":"<p>Apr\u00e8s de nombreux mois de n\u00e9gociation, la F\u00e9d\u00e9 avec le soutien de l&rsquo;Universit\u00e9 a obtenu une avanc\u00e9e significative pour l&rsquo;ensemble des \u00e9tudiants de la communaut\u00e9 universitaire. Deux des biblioth\u00e8ques\/salles de cours seront ouvertes jusqu&rsquo;\u00e0\u00a022h du lundi au\u00a0vendredi jusqu&rsquo;au 21 juin. Il s&rsquo;agit de la salle de lecture au XX ao\u00fbt et de la biblioth\u00e8que sant\u00e9-CHU, bien connues des \u00e9tudiants pour le mobilier ergonomique et facilit\u00e9s qu&rsquo;elle propose \u00e0 ses utilisateurs.\u00a0 Pendant le blocus, l&rsquo;acc\u00e8s sera r\u00e9serv\u00e9 aux membres de la communaut\u00e9 ULi\u00e8ge. Il sera \u00e9galement n\u00e9cessaire de r\u00e9server sa place. L&rsquo;objectif derri\u00e8re ces deux derni\u00e8res mesures est de permettre \u00e0 une majorit\u00e9 de nos \u00e9tudiants de pouvoir disposer d&rsquo;une place et d&rsquo;\u00e9viter les d\u00e9placements inutiles en cas de saturation des salles.&nbsp;&nbsp; S&rsquo;il s&rsquo;agit d&rsquo;une belle avanc\u00e9e pour les \u00e9tudiantes et \u00e9tudiants. Nous esp\u00e9rons \u00e0 l&rsquo;avenir pouvoir encore \u00e9tendre ces horaires, notamment en permettant une ouverture pr\u00e9coce des lieux d&rsquo;\u00e9tudes \u00e0 7h00, plus en phase avec le rythme d&rsquo;une partie non n\u00e9gligeable des \u00e9tudiantes et \u00e9tudiants. Notre objectif final \u00e9tant que l&rsquo;Universit\u00e9 de Li\u00e8ge puisse concurrencer les autres universit\u00e9s de la F\u00e9d\u00e9ration Wallonie-Bruxelles comme l&rsquo;UCLouvain et l&rsquo;UNamur qui proposent des horaires plus \u00e9tendus. Les \u00e9tudiants li\u00e9geois ne travaillent pourtant pas moins que leurs homologues&#8230; Il serait donc naturel de tendre vers des horaires similaires afin de satisfaire une demande estudiantine de longue date. N\u00e9anmoins, nous saluons la mesure actuelle qui est une \u00e9tape interm\u00e9diaire.&nbsp; Pour rappel, les horaires des biblioth\u00e8ques concern\u00e9es sont d\u00e9sormais les suivantes :&nbsp; Salle de lecture du 20-Ao\u00fbt : Sant\u00e9 &#8211; CHU : Par ailleurs, les horaires de l&rsquo;ensemble des biblioth\u00e8ques et salles d&rsquo;\u00e9tudes sont disponibles ci-dessous : https:\/\/lib.uliege.be\/fr\/uliege-library\/en-pratique\/horaires Avant de vous rendre \u00e0 la biblioth\u00e8que, n&rsquo;oubliez pas de r\u00e9server votre place via book it&nbsp;: https:\/\/bookit.lib.uliege.be Si vous avez des questions\/suggestions\/revendications, n&rsquo;h\u00e9sitez pas \u00e0 nous contacter : presidence@fede-uliege.be Christian Clerebaut, Co-Pr\u00e9sident F\u00e9d\u00e9 ULi\u00e8ge<\/p>\n","protected":false},"author":1,"featured_media":0,"comment_status":"closed","ping_status":"closed","sticky":false,"template":"","format":"standard","meta":{"neve_meta_sidebar":"","neve_meta_container":"","neve_meta_enable_content_width":"","neve_meta_content_width":0,"neve_meta_title_alignment":"","neve_meta_author_avatar":"","neve_post_elements_order":"","neve_meta_disable_header":"","neve_meta_disable_footer":"","neve_meta_disable_title":"","jetpack_post_was_ever_published":false,"_jetpack_newsletter_access":"","_jetpack_dont_email_post_to_subs":false,"_jetpack_newsletter_tier_id":0,"_jetpack_memberships_contains_paywalled_content":false,"_jetpack_memberships_contains_paid_content":false,"footnotes":""},"categories":[16],"tags":[],"class_list":["post-1567","post","type-post","status-publish","format-standard","hentry","category-non-classe-fr"],"jetpack_featured_media_url":"","jetpack_sharing_enabled":true,"_links":{"self":[{"href":"https:\/\/fede-uliege.be\/index.php\/wp-json\/wp\/v2\/posts\/1567","targetHints":{"allow":["GET"]}}],"collection":[{"href":"https:\/\/fede-uliege.be\/index.php\/wp-json\/wp\/v2\/posts"}],"about":[{"href":"https:\/\/fede-uliege.be\/index.php\/wp-json\/wp\/v2\/types\/post"}],"author":[{"embeddable":true,"href":"https:\/\/fede-uliege.be\/index.php\/wp-json\/wp\/v2\/users\/1"}],"replies":[{"embeddable":true,"href":"https:\/\/fede-uliege.be\/index.php\/wp-json\/wp\/v2\/comments?post=1567"}],"version-history":[{"count":2,"href":"https:\/\/fede-uliege.be\/index.php\/wp-json\/wp\/v2\/posts\/1567\/revisions"}],"predecessor-version":[{"id":1569,"href":"https:\/\/fede-uliege.be\/index.php\/wp-json\/wp\/v2\/posts\/1567\/revisions\/1569"}],"wp:attachment":[{"href":"https:\/\/fede-uliege.be\/index.php\/wp-json\/wp\/v2\/media?parent=1567"}],"wp:term":[{"taxonomy":"category","embeddable":true,"href":"https:\/\/fede-uliege.be\/index.php\/wp-json\/wp\/v2\/categories?post=1567"},{"taxonomy":"post_tag","embeddable":true,"href":"https:\/\/fede-uliege.be\/index.php\/wp-json\/wp\/v2\/tags?post=1567"}],"curies":[{"name":"wp","href":"https:\/\/api.w.org\/{rel}","templated":true}]}}